{"id":18017,"date":"2019-01-01T01:02:00","date_gmt":"2019-01-01T03:02:00","guid":{"rendered":"https:\/\/labedu.org.br\/?p=18017"},"modified":"2019-01-01T01:02:00","modified_gmt":"2019-01-01T03:02:00","slug":"de-onde-vem-quem-e-que-fez","status":"publish","type":"post","link":"https:\/\/labedu.org.br\/en\/de-onde-vem-quem-e-que-fez\/","title":{"rendered":"De onde vem? Quem \u00e9 que fez?"},"content":{"rendered":"<p>Onde? No restaurante.<\/p>\n<p>Quanto tempo? 5 a 15 minutos.<\/p>\n<p><strong>\u00a0<\/strong><\/p>\n<p><strong>ATIVIDADE<\/strong><\/p>\n<p><span style=\"font-weight: 400;\">Que tal conversar um pouco sobre os alimentos que as crian\u00e7as v\u00e3o comer no restaurante? \u00c9 interessante perguntar para elas se sabem quais s\u00e3o os ingredientes de algumas das receitas, ou question\u00e1-las sobre a origem dos alimentos. Tamb\u00e9m \u00e9 poss\u00edvel perguntar quem ela acha que cozinhou aquele prato ou conversar sobre todas as pessoas que trabalharam para aquele alimento chegar \u00e0 mesa.<\/span><\/p>\n<audio class=\"wp-audio-shortcode\" id=\"audio-18017-1\" preload=\"none\" style=\"width: 100%;\" controls=\"controls\"><source type=\"audio\/mpeg\" src=\"https:\/\/labedu.org.br\/wp-content\/uploads\/2018\/12\/89.mp3?_=1\" \/><a href=\"https:\/\/labedu.org.br\/wp-content\/uploads\/2018\/12\/89.mp3\">https:\/\/labedu.org.br\/wp-content\/uploads\/2018\/12\/89.mp3<\/a><\/audio>\n<p>&nbsp;<\/p>\n<p><strong>O QUE A CRIANC\u0327A APRENDE<\/strong><\/p>\n<p><span style=\"font-weight: 400;\">Conversar com a crian\u00e7a, al\u00e9m de ser uma forma de aproxima\u00e7\u00e3o e aten\u00e7\u00e3o, faz com que ela se questione sobre o mundo. Ao procurar explicar o que est\u00e1 pensando e compreender o que est\u00e1 sendo dito, ela exercitar\u00e1 o uso da linguagem, al\u00e9m de criar hip\u00f3teses explicativas que desenvolvem seu racioc\u00ednio. Compreender de onde vem os alimentos e quantas pessoas trabalharam para o alimento ser servido tamb\u00e9m ajuda os pequenos a criar uma rela\u00e7\u00e3o mais interessada pelo que comem e ressalta a import\u00e2ncia de n\u00e3o desperdi\u00e7ar.<\/span><\/p>\n<p>&nbsp;<\/p>\n<p>&#8211;<\/p>\n<p>&nbsp;<\/p>\n<p>No nosso aplicativo,<a href=\"http:\/\/apprendendo.org.br\/\"> Apprendendo<\/a>, voc\u00ea encontra algumas dicas de brincadeiras que podem ser feitas com as crian\u00e7as em distintos ambientes e momentos da rotina di\u00e1ria, como durante o banho, por exemplo. Tamb\u00e9m \u00e9 poss\u00edvel acessar e montar um \u00e1lbum de fotos como mem\u00f3ria das aprendizagens das crian\u00e7as. Vale conferir! Baixe gratuitamente em seu dispositivo m\u00f3vel, via<a href=\"https:\/\/play.google.com\/store\/apps\/details?id=com.mooven.apprendendo\"> Google Play<\/a> ou<a href=\"https:\/\/itunes.apple.com\/br\/app\/apprendendo\/id1169738285?mt=8&amp;ign-mpt=uo%3D4\"> Apple Store<\/a>.<\/p>\n<p>&nbsp;<\/p>\n","protected":false},"excerpt":{"rendered":"<p>Onde? No restaurante. Quanto tempo? 5 a 15 minutos. \u00a0 ATIVIDADE Que tal conversar um pouco sobre os alimentos que as crian\u00e7as v\u00e3o comer no restaurante? \u00c9 interessante perguntar para elas se sabem quais s\u00e3o os ingredientes de algumas das receitas, ou question\u00e1-las sobre a origem dos alimentos. Tamb\u00e9m \u00e9 poss\u00edvel perguntar quem ela acha [&hellip;]<\/p>\n","protected":false},"author":5,"featured_media":17806,"comment_status":"open","ping_status":"open","sticky":false,"template":"","format":"standard","meta":{"_acf_changed":false,"footnotes":""},"categories":[237],"tags":[],"class_list":["post-18017","post","type-post","status-publish","format-standard","has-post-thumbnail","hentry","category-apprendendo"],"acf":[],"yoast_head":"<!-- This site is optimized with the Yoast SEO plugin v28.3 - https:\/\/yoast.com\/product\/yoast-seo-wordpress\/ -->\n<title>De onde vem? Quem \u00e9 que fez? | Labedu<\/title>\n<meta name=\"robots\" content=\"index, follow, max-snippet:-1, max-image-preview:large, max-video-preview:-1\" \/>\n<link rel=\"canonical\" href=\"https:\/\/labedu.org.br\/de-onde-vem-quem-e-que-fez\/\" \/>\n<meta property=\"og:locale\" content=\"en_US\" \/>\n<meta property=\"og:type\" content=\"article\" \/>\n<meta property=\"og:title\" content=\"De onde vem? Quem \u00e9 que fez? | Labedu\" \/>\n<meta property=\"og:description\" content=\"Onde? No restaurante. Quanto tempo? 5 a 15 minutos. \u00a0 ATIVIDADE Que tal conversar um pouco sobre os alimentos que as crian\u00e7as v\u00e3o comer no restaurante? \u00c9 interessante perguntar para elas se sabem quais s\u00e3o os ingredientes de algumas das receitas, ou question\u00e1-las sobre a origem dos alimentos. Tamb\u00e9m \u00e9 poss\u00edvel perguntar quem ela acha [&hellip;]\" \/>\n<meta property=\"og:url\" content=\"https:\/\/labedu.org.br\/de-onde-vem-quem-e-que-fez\/\" \/>\n<meta property=\"og:site_name\" content=\"Labedu\" \/>\n<meta property=\"article:published_time\" content=\"2019-01-01T03:02:00+00:00\" \/>\n<meta property=\"og:image\" content=\"https:\/\/labedu.org.br\/wp-content\/uploads\/2018\/12\/restaurante.003.png\" \/>\n\t<meta property=\"og:image:width\" content=\"1920\" \/>\n\t<meta property=\"og:image:height\" content=\"1080\" \/>\n\t<meta property=\"og:image:type\" content=\"image\/png\" \/>\n<meta name=\"author\" content=\"Nicole Paulet\" \/>\n<meta name=\"twitter:card\" content=\"summary_large_image\" \/>\n<meta name=\"twitter:label1\" content=\"Written by\" \/>\n\t<meta name=\"twitter:data1\" content=\"Nicole Paulet\" \/>\n\t<meta name=\"twitter:label2\" content=\"Est. reading time\" \/>\n\t<meta name=\"twitter:data2\" content=\"1 minute\" \/>\n<script type=\"application\/ld+json\" class=\"yoast-schema-graph\">{\"@context\":\"https:\\\/\\\/schema.org\",\"@graph\":[{\"@type\":\"Article\",\"@id\":\"https:\\\/\\\/labedu.org.br\\\/de-onde-vem-quem-e-que-fez\\\/#article\",\"isPartOf\":{\"@id\":\"https:\\\/\\\/labedu.org.br\\\/de-onde-vem-quem-e-que-fez\\\/\"},\"author\":{\"name\":\"Nicole Paulet\",\"@id\":\"https:\\\/\\\/labedu.org.br\\\/#\\\/schema\\\/person\\\/ab531377abea4f6aa3b94bd92e5414c9\"},\"headline\":\"De onde vem? Quem \u00e9 que fez?\",\"datePublished\":\"2019-01-01T03:02:00+00:00\",\"mainEntityOfPage\":{\"@id\":\"https:\\\/\\\/labedu.org.br\\\/de-onde-vem-quem-e-que-fez\\\/\"},\"wordCount\":265,\"commentCount\":0,\"image\":{\"@id\":\"https:\\\/\\\/labedu.org.br\\\/de-onde-vem-quem-e-que-fez\\\/#primaryimage\"},\"thumbnailUrl\":\"https:\\\/\\\/labedu.org.br\\\/wp-content\\\/uploads\\\/2018\\\/12\\\/restaurante.003.png\",\"articleSection\":[\"Apprendendo\"],\"inLanguage\":\"en-US\"},{\"@type\":\"WebPage\",\"@id\":\"https:\\\/\\\/labedu.org.br\\\/de-onde-vem-quem-e-que-fez\\\/\",\"url\":\"https:\\\/\\\/labedu.org.br\\\/de-onde-vem-quem-e-que-fez\\\/\",\"name\":\"De onde vem? Quem \u00e9 que fez? | Labedu\",\"isPartOf\":{\"@id\":\"https:\\\/\\\/labedu.org.br\\\/#website\"},\"primaryImageOfPage\":{\"@id\":\"https:\\\/\\\/labedu.org.br\\\/de-onde-vem-quem-e-que-fez\\\/#primaryimage\"},\"image\":{\"@id\":\"https:\\\/\\\/labedu.org.br\\\/de-onde-vem-quem-e-que-fez\\\/#primaryimage\"},\"thumbnailUrl\":\"https:\\\/\\\/labedu.org.br\\\/wp-content\\\/uploads\\\/2018\\\/12\\\/restaurante.003.png\",\"datePublished\":\"2019-01-01T03:02:00+00:00\",\"author\":{\"@id\":\"https:\\\/\\\/labedu.org.br\\\/#\\\/schema\\\/person\\\/ab531377abea4f6aa3b94bd92e5414c9\"},\"breadcrumb\":{\"@id\":\"https:\\\/\\\/labedu.org.br\\\/de-onde-vem-quem-e-que-fez\\\/#breadcrumb\"},\"inLanguage\":\"en-US\",\"potentialAction\":[{\"@type\":\"ReadAction\",\"target\":[\"https:\\\/\\\/labedu.org.br\\\/de-onde-vem-quem-e-que-fez\\\/\"]}]},{\"@type\":\"ImageObject\",\"inLanguage\":\"en-US\",\"@id\":\"https:\\\/\\\/labedu.org.br\\\/de-onde-vem-quem-e-que-fez\\\/#primaryimage\",\"url\":\"https:\\\/\\\/labedu.org.br\\\/wp-content\\\/uploads\\\/2018\\\/12\\\/restaurante.003.png\",\"contentUrl\":\"https:\\\/\\\/labedu.org.br\\\/wp-content\\\/uploads\\\/2018\\\/12\\\/restaurante.003.png\",\"width\":1920,\"height\":1080},{\"@type\":\"BreadcrumbList\",\"@id\":\"https:\\\/\\\/labedu.org.br\\\/de-onde-vem-quem-e-que-fez\\\/#breadcrumb\",\"itemListElement\":[{\"@type\":\"ListItem\",\"position\":1,\"name\":\"In\u00edcio\",\"item\":\"https:\\\/\\\/labedu.org.br\\\/en\\\/\"},{\"@type\":\"ListItem\",\"position\":2,\"name\":\"De onde vem? Quem \u00e9 que fez?\"}]},{\"@type\":\"WebSite\",\"@id\":\"https:\\\/\\\/labedu.org.br\\\/#website\",\"url\":\"https:\\\/\\\/labedu.org.br\\\/\",\"name\":\"Labedu\",\"description\":\"Laborat\u00f3rio de Educa\u00e7\u00e3o\",\"potentialAction\":[{\"@type\":\"SearchAction\",\"target\":{\"@type\":\"EntryPoint\",\"urlTemplate\":\"https:\\\/\\\/labedu.org.br\\\/?s={search_term_string}\"},\"query-input\":{\"@type\":\"PropertyValueSpecification\",\"valueRequired\":true,\"valueName\":\"search_term_string\"}}],\"inLanguage\":\"en-US\"},{\"@type\":\"Person\",\"@id\":\"https:\\\/\\\/labedu.org.br\\\/#\\\/schema\\\/person\\\/ab531377abea4f6aa3b94bd92e5414c9\",\"name\":\"Nicole Paulet\",\"image\":{\"@type\":\"ImageObject\",\"inLanguage\":\"en-US\",\"@id\":\"https:\\\/\\\/secure.gravatar.com\\\/avatar\\\/3902f3c5fc3564b7123c125bddbd365d57009530699b31a7995b091151eba50b?s=96&d=mm&r=g\",\"url\":\"https:\\\/\\\/secure.gravatar.com\\\/avatar\\\/3902f3c5fc3564b7123c125bddbd365d57009530699b31a7995b091151eba50b?s=96&d=mm&r=g\",\"contentUrl\":\"https:\\\/\\\/secure.gravatar.com\\\/avatar\\\/3902f3c5fc3564b7123c125bddbd365d57009530699b31a7995b091151eba50b?s=96&d=mm&r=g\",\"caption\":\"Nicole Paulet\"}}]}<\/script>\n<!-- \/ Yoast SEO plugin. -->","yoast_head_json":{"title":"De onde vem? Quem \u00e9 que fez? | Labedu","robots":{"index":"index","follow":"follow","max-snippet":"max-snippet:-1","max-image-preview":"max-image-preview:large","max-video-preview":"max-video-preview:-1"},"canonical":"https:\/\/labedu.org.br\/de-onde-vem-quem-e-que-fez\/","og_locale":"en_US","og_type":"article","og_title":"De onde vem? Quem \u00e9 que fez? | Labedu","og_description":"Onde? No restaurante. Quanto tempo? 5 a 15 minutos. \u00a0 ATIVIDADE Que tal conversar um pouco sobre os alimentos que as crian\u00e7as v\u00e3o comer no restaurante? \u00c9 interessante perguntar para elas se sabem quais s\u00e3o os ingredientes de algumas das receitas, ou question\u00e1-las sobre a origem dos alimentos. Tamb\u00e9m \u00e9 poss\u00edvel perguntar quem ela acha [&hellip;]","og_url":"https:\/\/labedu.org.br\/de-onde-vem-quem-e-que-fez\/","og_site_name":"Labedu","article_published_time":"2019-01-01T03:02:00+00:00","og_image":[{"width":1920,"height":1080,"url":"https:\/\/labedu.org.br\/wp-content\/uploads\/2018\/12\/restaurante.003.png","type":"image\/png"}],"author":"Nicole Paulet","twitter_card":"summary_large_image","twitter_misc":{"Written by":"Nicole Paulet","Est. reading time":"1 minute"},"schema":{"@context":"https:\/\/schema.org","@graph":[{"@type":"Article","@id":"https:\/\/labedu.org.br\/de-onde-vem-quem-e-que-fez\/#article","isPartOf":{"@id":"https:\/\/labedu.org.br\/de-onde-vem-quem-e-que-fez\/"},"author":{"name":"Nicole Paulet","@id":"https:\/\/labedu.org.br\/#\/schema\/person\/ab531377abea4f6aa3b94bd92e5414c9"},"headline":"De onde vem? Quem \u00e9 que fez?","datePublished":"2019-01-01T03:02:00+00:00","mainEntityOfPage":{"@id":"https:\/\/labedu.org.br\/de-onde-vem-quem-e-que-fez\/"},"wordCount":265,"commentCount":0,"image":{"@id":"https:\/\/labedu.org.br\/de-onde-vem-quem-e-que-fez\/#primaryimage"},"thumbnailUrl":"https:\/\/labedu.org.br\/wp-content\/uploads\/2018\/12\/restaurante.003.png","articleSection":["Apprendendo"],"inLanguage":"en-US"},{"@type":"WebPage","@id":"https:\/\/labedu.org.br\/de-onde-vem-quem-e-que-fez\/","url":"https:\/\/labedu.org.br\/de-onde-vem-quem-e-que-fez\/","name":"De onde vem? Quem \u00e9 que fez? | Labedu","isPartOf":{"@id":"https:\/\/labedu.org.br\/#website"},"primaryImageOfPage":{"@id":"https:\/\/labedu.org.br\/de-onde-vem-quem-e-que-fez\/#primaryimage"},"image":{"@id":"https:\/\/labedu.org.br\/de-onde-vem-quem-e-que-fez\/#primaryimage"},"thumbnailUrl":"https:\/\/labedu.org.br\/wp-content\/uploads\/2018\/12\/restaurante.003.png","datePublished":"2019-01-01T03:02:00+00:00","author":{"@id":"https:\/\/labedu.org.br\/#\/schema\/person\/ab531377abea4f6aa3b94bd92e5414c9"},"breadcrumb":{"@id":"https:\/\/labedu.org.br\/de-onde-vem-quem-e-que-fez\/#breadcrumb"},"inLanguage":"en-US","potentialAction":[{"@type":"ReadAction","target":["https:\/\/labedu.org.br\/de-onde-vem-quem-e-que-fez\/"]}]},{"@type":"ImageObject","inLanguage":"en-US","@id":"https:\/\/labedu.org.br\/de-onde-vem-quem-e-que-fez\/#primaryimage","url":"https:\/\/labedu.org.br\/wp-content\/uploads\/2018\/12\/restaurante.003.png","contentUrl":"https:\/\/labedu.org.br\/wp-content\/uploads\/2018\/12\/restaurante.003.png","width":1920,"height":1080},{"@type":"BreadcrumbList","@id":"https:\/\/labedu.org.br\/de-onde-vem-quem-e-que-fez\/#breadcrumb","itemListElement":[{"@type":"ListItem","position":1,"name":"In\u00edcio","item":"https:\/\/labedu.org.br\/en\/"},{"@type":"ListItem","position":2,"name":"De onde vem? Quem \u00e9 que fez?"}]},{"@type":"WebSite","@id":"https:\/\/labedu.org.br\/#website","url":"https:\/\/labedu.org.br\/","name":"Labedu","description":"Laborat\u00f3rio de Educa\u00e7\u00e3o","potentialAction":[{"@type":"SearchAction","target":{"@type":"EntryPoint","urlTemplate":"https:\/\/labedu.org.br\/?s={search_term_string}"},"query-input":{"@type":"PropertyValueSpecification","valueRequired":true,"valueName":"search_term_string"}}],"inLanguage":"en-US"},{"@type":"Person","@id":"https:\/\/labedu.org.br\/#\/schema\/person\/ab531377abea4f6aa3b94bd92e5414c9","name":"Nicole Paulet","image":{"@type":"ImageObject","inLanguage":"en-US","@id":"https:\/\/secure.gravatar.com\/avatar\/3902f3c5fc3564b7123c125bddbd365d57009530699b31a7995b091151eba50b?s=96&d=mm&r=g","url":"https:\/\/secure.gravatar.com\/avatar\/3902f3c5fc3564b7123c125bddbd365d57009530699b31a7995b091151eba50b?s=96&d=mm&r=g","contentUrl":"https:\/\/secure.gravatar.com\/avatar\/3902f3c5fc3564b7123c125bddbd365d57009530699b31a7995b091151eba50b?s=96&d=mm&r=g","caption":"Nicole Paulet"}}]}},"_links":{"self":[{"href":"https:\/\/labedu.org.br\/en\/wp-json\/wp\/v2\/posts\/18017","targetHints":{"allow":["GET"]}}],"collection":[{"href":"https:\/\/labedu.org.br\/en\/wp-json\/wp\/v2\/posts"}],"about":[{"href":"https:\/\/labedu.org.br\/en\/wp-json\/wp\/v2\/types\/post"}],"author":[{"embeddable":true,"href":"https:\/\/labedu.org.br\/en\/wp-json\/wp\/v2\/users\/5"}],"replies":[{"embeddable":true,"href":"https:\/\/labedu.org.br\/en\/wp-json\/wp\/v2\/comments?post=18017"}],"version-history":[{"count":0,"href":"https:\/\/labedu.org.br\/en\/wp-json\/wp\/v2\/posts\/18017\/revisions"}],"wp:featuredmedia":[{"embeddable":true,"href":"https:\/\/labedu.org.br\/en\/wp-json\/wp\/v2\/media\/17806"}],"wp:attachment":[{"href":"https:\/\/labedu.org.br\/en\/wp-json\/wp\/v2\/media?parent=18017"}],"wp:term":[{"taxonomy":"category","embeddable":true,"href":"https:\/\/labedu.org.br\/en\/wp-json\/wp\/v2\/categories?post=18017"},{"taxonomy":"post_tag","embeddable":true,"href":"https:\/\/labedu.org.br\/en\/wp-json\/wp\/v2\/tags?post=18017"}],"curies":[{"name":"wp","href":"https:\/\/api.w.org\/{rel}","templated":true}]}}