{"id":19221,"date":"2019-03-28T20:27:39","date_gmt":"2019-03-28T23:27:39","guid":{"rendered":"https:\/\/labedu.org.br\/?p=19221"},"modified":"2019-03-28T20:29:30","modified_gmt":"2019-03-28T23:29:30","slug":"mundo-de-tayo-tirinhas-representatividade-cultura-negra","status":"publish","type":"post","link":"https:\/\/labedu.org.br\/en\/mundo-de-tayo-tirinhas-representatividade-cultura-negra\/","title":{"rendered":"Em tirinhas, \u2018O Mundo de Tay\u00f3\u2019 aborda representatividade e cultura negra"},"content":{"rendered":"<h3>A personagem compartilha reflex\u00f5es sobre o orgulho de ser negra e de diferentes elementos da sua identidade.<\/h3>\n<p><!--more--><\/p>\n<p>Tay\u00f3 \u00e9 uma menina negra de seis anos que tem orgulho do cabelo crespo com penteado black power, enfeitando-o das mais diversas formas. Esse \u00e9 o mote do livro \u201cO Mundo no Black Power de Tay\u00f3\u201c, da escritora e pesquisadora Kiusam de Oliveira, que tamb\u00e9m \u00e9 autora dos livros \u201cOmo-oba: hist\u00f3rias de princesas\u201d e \u201cO mar que banha a ilha de Gor\u00e9\u201d.<\/p>\n<p>Para reafirmar a pot\u00eancia das hist\u00f3rias na constru\u00e7\u00e3o de referenciais positivos para as crian\u00e7as se formarem e se colocarem no mundo, a autora agora transforma Tay\u00f3 na protagonista de uma s\u00e9rie de tirinhas sobre cultura negra.<\/p>\n<p><img loading=\"lazy\" decoding=\"async\" class=\"alignnone size-full wp-image-19224\" src=\"https:\/\/labedu.org.br\/wp-content\/uploads\/2019\/03\/tayo-tirinhas.png\" alt=\"\" width=\"940\" height=\"1175\" srcset=\"https:\/\/labedu.org.br\/wp-content\/uploads\/2019\/03\/tayo-tirinhas.png 940w, https:\/\/labedu.org.br\/wp-content\/uploads\/2019\/03\/tayo-tirinhas-240x300.png 240w, https:\/\/labedu.org.br\/wp-content\/uploads\/2019\/03\/tayo-tirinhas-768x960.png 768w, https:\/\/labedu.org.br\/wp-content\/uploads\/2019\/03\/tayo-tirinhas-819x1024.png 819w, https:\/\/labedu.org.br\/wp-content\/uploads\/2019\/03\/tayo-tirinhas-600x750.png 600w, https:\/\/labedu.org.br\/wp-content\/uploads\/2019\/03\/tayo-tirinhas-300x375.png 300w\" sizes=\"auto, (max-width: 940px) 100vw, 940px\" \/><\/p>\n<p>Nas hist\u00f3rias, a menina interage em situa\u00e7\u00f5es que colocam em jogo a sua capacidade de autoperceber como uma mulher negra em forma\u00e7\u00e3o em uma sociedade estruturalmente racista. Nos di\u00e1logos, a autora chama a aten\u00e7\u00e3o para o papel do adulto no sentido de proporcionar o empoderamento infantil para a constru\u00e7\u00e3o de uma identidade plena e autoconfiante.<\/p>\n<p><img loading=\"lazy\" decoding=\"async\" class=\"alignnone size-full wp-image-19226\" src=\"https:\/\/labedu.org.br\/wp-content\/uploads\/2019\/03\/tayo-tirinhas-2.png\" alt=\"\" width=\"940\" height=\"752\" srcset=\"https:\/\/labedu.org.br\/wp-content\/uploads\/2019\/03\/tayo-tirinhas-2.png 940w, https:\/\/labedu.org.br\/wp-content\/uploads\/2019\/03\/tayo-tirinhas-2-300x240.png 300w, https:\/\/labedu.org.br\/wp-content\/uploads\/2019\/03\/tayo-tirinhas-2-768x614.png 768w, https:\/\/labedu.org.br\/wp-content\/uploads\/2019\/03\/tayo-tirinhas-2-600x480.png 600w\" sizes=\"auto, (max-width: 940px) 100vw, 940px\" \/><\/p>\n<p>\u201cTay\u00f3 \u00e9 pot\u00eancia e, como ela, desejo ver outras crian\u00e7as negras brasileiras da mesma forma. A op\u00e7\u00e3o pelo g\u00eanero textual tirinha, \u00e9 pela sua efic\u00e1cia em termos de comunica\u00e7\u00e3o direta e \u00e1gil para adultos e crian\u00e7as. Como sou professora, quest\u00f5es focadas no letramento e alfabetiza\u00e7\u00e3o me preocupam\u201d, explica Kiusam.<\/p>\n<p>Texto adaptado. Para conhecer mais sobre Tay\u00f3 e sua autora, confira a publica\u00e7\u00e3o na \u00edntegra no <a href=\"https:\/\/lunetas.com.br\/tirinhas-o-mundo-de-tayo\/?utm_source=TODACRIANCAPODEAPRENDER&amp;utm_medium=TIRINHASOMUNDODETAYO&amp;utm_campaign=TODACRIANCAPODEAPRENDER\" target=\"_blank\" rel=\"noopener\">Portal Lunetas<\/a>.<\/p>\n","protected":false},"excerpt":{"rendered":"<p>A personagem compartilha reflex\u00f5es sobre identidade e seu orgulho de ser negra.<\/p>\n","protected":false},"author":5,"featured_media":19228,"comment_status":"open","ping_status":"open","sticky":false,"template":"","format":"standard","meta":{"_acf_changed":false,"footnotes":""},"categories":[200],"tags":[],"class_list":["post-19221","post","type-post","status-publish","format-standard","has-post-thumbnail","hentry","category-dicas-praticas-e-indicacoes"],"acf":[],"yoast_head":"<!-- This site is optimized with the Yoast SEO plugin v28.3 - https:\/\/yoast.com\/product\/yoast-seo-wordpress\/ -->\n<title>Em tirinhas, \u2018O Mundo de Tay\u00f3\u2019 aborda representatividade e cultura negra<\/title>\n<meta name=\"description\" content=\"A personagem compartilha reflex\u00f5es sobre identidade e seu orgulho de ser negra.\" \/>\n<meta name=\"robots\" content=\"index, follow, max-snippet:-1, max-image-preview:large, max-video-preview:-1\" \/>\n<link rel=\"canonical\" href=\"https:\/\/labedu.org.br\/mundo-de-tayo-tirinhas-representatividade-cultura-negra\/\" \/>\n<meta property=\"og:locale\" content=\"en_US\" \/>\n<meta property=\"og:type\" content=\"article\" \/>\n<meta property=\"og:title\" content=\"Em tirinhas, \u2018O Mundo de Tay\u00f3\u2019 aborda representatividade e cultura negra\" \/>\n<meta property=\"og:description\" content=\"A personagem compartilha reflex\u00f5es sobre identidade e seu orgulho de ser negra.\" \/>\n<meta property=\"og:url\" content=\"https:\/\/labedu.org.br\/mundo-de-tayo-tirinhas-representatividade-cultura-negra\/\" \/>\n<meta property=\"og:site_name\" content=\"Labedu\" \/>\n<meta property=\"article:published_time\" content=\"2019-03-28T23:27:39+00:00\" \/>\n<meta property=\"article:modified_time\" content=\"2019-03-28T23:29:30+00:00\" \/>\n<meta property=\"og:image\" content=\"https:\/\/labedu.org.br\/wp-content\/uploads\/2019\/03\/tayo-fb.png\" \/>\n\t<meta property=\"og:image:width\" content=\"1200\" \/>\n\t<meta property=\"og:image:height\" content=\"628\" \/>\n\t<meta property=\"og:image:type\" content=\"image\/png\" \/>\n<meta name=\"author\" content=\"Nicole Paulet\" \/>\n<meta name=\"twitter:card\" content=\"summary_large_image\" \/>\n<meta name=\"twitter:label1\" content=\"Written by\" \/>\n\t<meta name=\"twitter:data1\" content=\"Nicole Paulet\" \/>\n\t<meta name=\"twitter:label2\" content=\"Est. reading time\" \/>\n\t<meta name=\"twitter:data2\" content=\"1 minute\" \/>\n<script type=\"application\/ld+json\" class=\"yoast-schema-graph\">{\"@context\":\"https:\\\/\\\/schema.org\",\"@graph\":[{\"@type\":\"Article\",\"@id\":\"https:\\\/\\\/labedu.org.br\\\/mundo-de-tayo-tirinhas-representatividade-cultura-negra\\\/#article\",\"isPartOf\":{\"@id\":\"https:\\\/\\\/labedu.org.br\\\/mundo-de-tayo-tirinhas-representatividade-cultura-negra\\\/\"},\"author\":{\"name\":\"Nicole Paulet\",\"@id\":\"https:\\\/\\\/labedu.org.br\\\/#\\\/schema\\\/person\\\/ab531377abea4f6aa3b94bd92e5414c9\"},\"headline\":\"Em tirinhas, \u2018O Mundo de Tay\u00f3\u2019 aborda representatividade e cultura negra\",\"datePublished\":\"2019-03-28T23:27:39+00:00\",\"dateModified\":\"2019-03-28T23:29:30+00:00\",\"mainEntityOfPage\":{\"@id\":\"https:\\\/\\\/labedu.org.br\\\/mundo-de-tayo-tirinhas-representatividade-cultura-negra\\\/\"},\"wordCount\":267,\"commentCount\":0,\"image\":{\"@id\":\"https:\\\/\\\/labedu.org.br\\\/mundo-de-tayo-tirinhas-representatividade-cultura-negra\\\/#primaryimage\"},\"thumbnailUrl\":\"https:\\\/\\\/labedu.org.br\\\/wp-content\\\/uploads\\\/2019\\\/03\\\/tayo.png\",\"articleSection\":[\"Dicas Pr\u00e1ticas e indica\u00e7\u00f5es\"],\"inLanguage\":\"en-US\"},{\"@type\":\"WebPage\",\"@id\":\"https:\\\/\\\/labedu.org.br\\\/mundo-de-tayo-tirinhas-representatividade-cultura-negra\\\/\",\"url\":\"https:\\\/\\\/labedu.org.br\\\/mundo-de-tayo-tirinhas-representatividade-cultura-negra\\\/\",\"name\":\"Em tirinhas, \u2018O Mundo de Tay\u00f3\u2019 aborda representatividade e cultura negra\",\"isPartOf\":{\"@id\":\"https:\\\/\\\/labedu.org.br\\\/#website\"},\"primaryImageOfPage\":{\"@id\":\"https:\\\/\\\/labedu.org.br\\\/mundo-de-tayo-tirinhas-representatividade-cultura-negra\\\/#primaryimage\"},\"image\":{\"@id\":\"https:\\\/\\\/labedu.org.br\\\/mundo-de-tayo-tirinhas-representatividade-cultura-negra\\\/#primaryimage\"},\"thumbnailUrl\":\"https:\\\/\\\/labedu.org.br\\\/wp-content\\\/uploads\\\/2019\\\/03\\\/tayo.png\",\"datePublished\":\"2019-03-28T23:27:39+00:00\",\"dateModified\":\"2019-03-28T23:29:30+00:00\",\"author\":{\"@id\":\"https:\\\/\\\/labedu.org.br\\\/#\\\/schema\\\/person\\\/ab531377abea4f6aa3b94bd92e5414c9\"},\"description\":\"A personagem compartilha reflex\u00f5es sobre identidade e seu orgulho de ser negra.\",\"breadcrumb\":{\"@id\":\"https:\\\/\\\/labedu.org.br\\\/mundo-de-tayo-tirinhas-representatividade-cultura-negra\\\/#breadcrumb\"},\"inLanguage\":\"en-US\",\"potentialAction\":[{\"@type\":\"ReadAction\",\"target\":[\"https:\\\/\\\/labedu.org.br\\\/mundo-de-tayo-tirinhas-representatividade-cultura-negra\\\/\"]}]},{\"@type\":\"ImageObject\",\"inLanguage\":\"en-US\",\"@id\":\"https:\\\/\\\/labedu.org.br\\\/mundo-de-tayo-tirinhas-representatividade-cultura-negra\\\/#primaryimage\",\"url\":\"https:\\\/\\\/labedu.org.br\\\/wp-content\\\/uploads\\\/2019\\\/03\\\/tayo.png\",\"contentUrl\":\"https:\\\/\\\/labedu.org.br\\\/wp-content\\\/uploads\\\/2019\\\/03\\\/tayo.png\",\"width\":1200,\"height\":628,\"caption\":\"Reprodu\u00e7\u00e3o: O Mundo no Black Power de Tay\u00f3 (Editora Peir\u00f3polis)\"},{\"@type\":\"BreadcrumbList\",\"@id\":\"https:\\\/\\\/labedu.org.br\\\/mundo-de-tayo-tirinhas-representatividade-cultura-negra\\\/#breadcrumb\",\"itemListElement\":[{\"@type\":\"ListItem\",\"position\":1,\"name\":\"In\u00edcio\",\"item\":\"https:\\\/\\\/labedu.org.br\\\/en\\\/\"},{\"@type\":\"ListItem\",\"position\":2,\"name\":\"Em tirinhas, \u2018O Mundo de Tay\u00f3\u2019 aborda representatividade e cultura negra\"}]},{\"@type\":\"WebSite\",\"@id\":\"https:\\\/\\\/labedu.org.br\\\/#website\",\"url\":\"https:\\\/\\\/labedu.org.br\\\/\",\"name\":\"Labedu\",\"description\":\"Laborat\u00f3rio de Educa\u00e7\u00e3o\",\"potentialAction\":[{\"@type\":\"SearchAction\",\"target\":{\"@type\":\"EntryPoint\",\"urlTemplate\":\"https:\\\/\\\/labedu.org.br\\\/?s={search_term_string}\"},\"query-input\":{\"@type\":\"PropertyValueSpecification\",\"valueRequired\":true,\"valueName\":\"search_term_string\"}}],\"inLanguage\":\"en-US\"},{\"@type\":\"Person\",\"@id\":\"https:\\\/\\\/labedu.org.br\\\/#\\\/schema\\\/person\\\/ab531377abea4f6aa3b94bd92e5414c9\",\"name\":\"Nicole Paulet\",\"image\":{\"@type\":\"ImageObject\",\"inLanguage\":\"en-US\",\"@id\":\"https:\\\/\\\/secure.gravatar.com\\\/avatar\\\/3902f3c5fc3564b7123c125bddbd365d57009530699b31a7995b091151eba50b?s=96&d=mm&r=g\",\"url\":\"https:\\\/\\\/secure.gravatar.com\\\/avatar\\\/3902f3c5fc3564b7123c125bddbd365d57009530699b31a7995b091151eba50b?s=96&d=mm&r=g\",\"contentUrl\":\"https:\\\/\\\/secure.gravatar.com\\\/avatar\\\/3902f3c5fc3564b7123c125bddbd365d57009530699b31a7995b091151eba50b?s=96&d=mm&r=g\",\"caption\":\"Nicole Paulet\"}}]}<\/script>\n<!-- \/ Yoast SEO plugin. -->","yoast_head_json":{"title":"Em tirinhas, \u2018O Mundo de Tay\u00f3\u2019 aborda representatividade e cultura negra","description":"A personagem compartilha reflex\u00f5es sobre identidade e seu orgulho de ser negra.","robots":{"index":"index","follow":"follow","max-snippet":"max-snippet:-1","max-image-preview":"max-image-preview:large","max-video-preview":"max-video-preview:-1"},"canonical":"https:\/\/labedu.org.br\/mundo-de-tayo-tirinhas-representatividade-cultura-negra\/","og_locale":"en_US","og_type":"article","og_title":"Em tirinhas, \u2018O Mundo de Tay\u00f3\u2019 aborda representatividade e cultura negra","og_description":"A personagem compartilha reflex\u00f5es sobre identidade e seu orgulho de ser negra.","og_url":"https:\/\/labedu.org.br\/mundo-de-tayo-tirinhas-representatividade-cultura-negra\/","og_site_name":"Labedu","article_published_time":"2019-03-28T23:27:39+00:00","article_modified_time":"2019-03-28T23:29:30+00:00","og_image":[{"width":1200,"height":628,"url":"https:\/\/labedu.org.br\/wp-content\/uploads\/2019\/03\/tayo-fb.png","type":"image\/png"}],"author":"Nicole Paulet","twitter_card":"summary_large_image","twitter_misc":{"Written by":"Nicole Paulet","Est. reading time":"1 minute"},"schema":{"@context":"https:\/\/schema.org","@graph":[{"@type":"Article","@id":"https:\/\/labedu.org.br\/mundo-de-tayo-tirinhas-representatividade-cultura-negra\/#article","isPartOf":{"@id":"https:\/\/labedu.org.br\/mundo-de-tayo-tirinhas-representatividade-cultura-negra\/"},"author":{"name":"Nicole Paulet","@id":"https:\/\/labedu.org.br\/#\/schema\/person\/ab531377abea4f6aa3b94bd92e5414c9"},"headline":"Em tirinhas, \u2018O Mundo de Tay\u00f3\u2019 aborda representatividade e cultura negra","datePublished":"2019-03-28T23:27:39+00:00","dateModified":"2019-03-28T23:29:30+00:00","mainEntityOfPage":{"@id":"https:\/\/labedu.org.br\/mundo-de-tayo-tirinhas-representatividade-cultura-negra\/"},"wordCount":267,"commentCount":0,"image":{"@id":"https:\/\/labedu.org.br\/mundo-de-tayo-tirinhas-representatividade-cultura-negra\/#primaryimage"},"thumbnailUrl":"https:\/\/labedu.org.br\/wp-content\/uploads\/2019\/03\/tayo.png","articleSection":["Dicas Pr\u00e1ticas e indica\u00e7\u00f5es"],"inLanguage":"en-US"},{"@type":"WebPage","@id":"https:\/\/labedu.org.br\/mundo-de-tayo-tirinhas-representatividade-cultura-negra\/","url":"https:\/\/labedu.org.br\/mundo-de-tayo-tirinhas-representatividade-cultura-negra\/","name":"Em tirinhas, \u2018O Mundo de Tay\u00f3\u2019 aborda representatividade e cultura negra","isPartOf":{"@id":"https:\/\/labedu.org.br\/#website"},"primaryImageOfPage":{"@id":"https:\/\/labedu.org.br\/mundo-de-tayo-tirinhas-representatividade-cultura-negra\/#primaryimage"},"image":{"@id":"https:\/\/labedu.org.br\/mundo-de-tayo-tirinhas-representatividade-cultura-negra\/#primaryimage"},"thumbnailUrl":"https:\/\/labedu.org.br\/wp-content\/uploads\/2019\/03\/tayo.png","datePublished":"2019-03-28T23:27:39+00:00","dateModified":"2019-03-28T23:29:30+00:00","author":{"@id":"https:\/\/labedu.org.br\/#\/schema\/person\/ab531377abea4f6aa3b94bd92e5414c9"},"description":"A personagem compartilha reflex\u00f5es sobre identidade e seu orgulho de ser negra.","breadcrumb":{"@id":"https:\/\/labedu.org.br\/mundo-de-tayo-tirinhas-representatividade-cultura-negra\/#breadcrumb"},"inLanguage":"en-US","potentialAction":[{"@type":"ReadAction","target":["https:\/\/labedu.org.br\/mundo-de-tayo-tirinhas-representatividade-cultura-negra\/"]}]},{"@type":"ImageObject","inLanguage":"en-US","@id":"https:\/\/labedu.org.br\/mundo-de-tayo-tirinhas-representatividade-cultura-negra\/#primaryimage","url":"https:\/\/labedu.org.br\/wp-content\/uploads\/2019\/03\/tayo.png","contentUrl":"https:\/\/labedu.org.br\/wp-content\/uploads\/2019\/03\/tayo.png","width":1200,"height":628,"caption":"Reprodu\u00e7\u00e3o: O Mundo no Black Power de Tay\u00f3 (Editora Peir\u00f3polis)"},{"@type":"BreadcrumbList","@id":"https:\/\/labedu.org.br\/mundo-de-tayo-tirinhas-representatividade-cultura-negra\/#breadcrumb","itemListElement":[{"@type":"ListItem","position":1,"name":"In\u00edcio","item":"https:\/\/labedu.org.br\/en\/"},{"@type":"ListItem","position":2,"name":"Em tirinhas, \u2018O Mundo de Tay\u00f3\u2019 aborda representatividade e cultura negra"}]},{"@type":"WebSite","@id":"https:\/\/labedu.org.br\/#website","url":"https:\/\/labedu.org.br\/","name":"Labedu","description":"Laborat\u00f3rio de Educa\u00e7\u00e3o","potentialAction":[{"@type":"SearchAction","target":{"@type":"EntryPoint","urlTemplate":"https:\/\/labedu.org.br\/?s={search_term_string}"},"query-input":{"@type":"PropertyValueSpecification","valueRequired":true,"valueName":"search_term_string"}}],"inLanguage":"en-US"},{"@type":"Person","@id":"https:\/\/labedu.org.br\/#\/schema\/person\/ab531377abea4f6aa3b94bd92e5414c9","name":"Nicole Paulet","image":{"@type":"ImageObject","inLanguage":"en-US","@id":"https:\/\/secure.gravatar.com\/avatar\/3902f3c5fc3564b7123c125bddbd365d57009530699b31a7995b091151eba50b?s=96&d=mm&r=g","url":"https:\/\/secure.gravatar.com\/avatar\/3902f3c5fc3564b7123c125bddbd365d57009530699b31a7995b091151eba50b?s=96&d=mm&r=g","contentUrl":"https:\/\/secure.gravatar.com\/avatar\/3902f3c5fc3564b7123c125bddbd365d57009530699b31a7995b091151eba50b?s=96&d=mm&r=g","caption":"Nicole Paulet"}}]}},"_links":{"self":[{"href":"https:\/\/labedu.org.br\/en\/wp-json\/wp\/v2\/posts\/19221","targetHints":{"allow":["GET"]}}],"collection":[{"href":"https:\/\/labedu.org.br\/en\/wp-json\/wp\/v2\/posts"}],"about":[{"href":"https:\/\/labedu.org.br\/en\/wp-json\/wp\/v2\/types\/post"}],"author":[{"embeddable":true,"href":"https:\/\/labedu.org.br\/en\/wp-json\/wp\/v2\/users\/5"}],"replies":[{"embeddable":true,"href":"https:\/\/labedu.org.br\/en\/wp-json\/wp\/v2\/comments?post=19221"}],"version-history":[{"count":0,"href":"https:\/\/labedu.org.br\/en\/wp-json\/wp\/v2\/posts\/19221\/revisions"}],"wp:featuredmedia":[{"embeddable":true,"href":"https:\/\/labedu.org.br\/en\/wp-json\/wp\/v2\/media\/19228"}],"wp:attachment":[{"href":"https:\/\/labedu.org.br\/en\/wp-json\/wp\/v2\/media?parent=19221"}],"wp:term":[{"taxonomy":"category","embeddable":true,"href":"https:\/\/labedu.org.br\/en\/wp-json\/wp\/v2\/categories?post=19221"},{"taxonomy":"post_tag","embeddable":true,"href":"https:\/\/labedu.org.br\/en\/wp-json\/wp\/v2\/tags?post=19221"}],"curies":[{"name":"wp","href":"https:\/\/api.w.org\/{rel}","templated":true}]}}